{"id":2196,"date":"2024-06-03T11:49:56","date_gmt":"2024-06-03T09:49:56","guid":{"rendered":"https:\/\/www.medtermine.at\/mt\/?p=2196"},"modified":"2024-06-11T10:07:29","modified_gmt":"2024-06-11T08:07:29","slug":"6-nationaler-aktionstag-fuer-pflegende-angehoerige","status":"publish","type":"post","link":"https:\/\/www.medtermine.at\/mt\/2024\/06\/03\/6-nationaler-aktionstag-fuer-pflegende-angehoerige\/","title":{"rendered":"6. Nationaler Aktionstag f\u00fcr pflegende Angeh\u00f6rige"},"content":{"rendered":"<p>Am 13. September 2024 findet bereits zum 6. Mal der Nationale Aktionstag f\u00fcr pflegende Angeh\u00f6rige statt.<br \/>\nDieses Jahr unter dem Motto &#8222;Gemeinsam das Leben mit Demenz meistern&#8220;<\/p>\n","protected":false},"excerpt":{"rendered":"<p>Am 13. September 2024 findet bereits zum 6. Mal der Nationale Aktionstag f\u00fcr pflegende Angeh\u00f6rige statt. Dieses Jahr unter dem Motto &#8222;Gemeinsam das Leben mit Demenz meistern&#8220;<\/p>\n","protected":false},"author":2,"featured_media":0,"comment_status":"closed","ping_status":"closed","sticky":false,"template":"","format":"standard","meta":{"inline_featured_image":false,"footnotes":""},"categories":[1,14,15],"tags":[124,80,83,125],"class_list":["post-2196","post","type-post","status-publish","format-standard","hentry","category-allgemein","category-osterreich","category-patientsincluded","tag-demenz","tag-osterreich","tag-patients-included","tag-werbung"],"_links":{"self":[{"href":"https:\/\/www.medtermine.at\/mt\/wp-json\/wp\/v2\/posts\/2196","targetHints":{"allow":["GET"]}}],"collection":[{"href":"https:\/\/www.medtermine.at\/mt\/wp-json\/wp\/v2\/posts"}],"about":[{"href":"https:\/\/www.medtermine.at\/mt\/wp-json\/wp\/v2\/types\/post"}],"author":[{"embeddable":true,"href":"https:\/\/www.medtermine.at\/mt\/wp-json\/wp\/v2\/users\/2"}],"replies":[{"embeddable":true,"href":"https:\/\/www.medtermine.at\/mt\/wp-json\/wp\/v2\/comments?post=2196"}],"version-history":[{"count":1,"href":"https:\/\/www.medtermine.at\/mt\/wp-json\/wp\/v2\/posts\/2196\/revisions"}],"predecessor-version":[{"id":2197,"href":"https:\/\/www.medtermine.at\/mt\/wp-json\/wp\/v2\/posts\/2196\/revisions\/2197"}],"wp:attachment":[{"href":"https:\/\/www.medtermine.at\/mt\/wp-json\/wp\/v2\/media?parent=2196"}],"wp:term":[{"taxonomy":"category","embeddable":true,"href":"https:\/\/www.medtermine.at\/mt\/wp-json\/wp\/v2\/categories?post=2196"},{"taxonomy":"post_tag","embeddable":true,"href":"https:\/\/www.medtermine.at\/mt\/wp-json\/wp\/v2\/tags?post=2196"}],"curies":[{"name":"wp","href":"https:\/\/api.w.org\/{rel}","templated":true}]}}